		

{"id":22204,"date":"2026-09-01T15:42:34","date_gmt":"2026-09-01T13:42:34","guid":{"rendered":"https:\/\/bsolis.com\/?p=22204"},"modified":"2026-09-01T15:42:34","modified_gmt":"2026-09-01T13:42:34","slug":"b-solis-joins-marbella-basket-as-co-sponsor","status":"publish","type":"post","link":"https:\/\/bsolis.com\/en\/2026\/09\/01\/b-solis-joins-marbella-basket-as-co-sponsor\/","title":{"rendered":"B. Sol\u00eds Joins Marbella Basket as Co-Sponsor"},"content":{"rendered":"<p style=\"text-align: center;\">\u2501\u2501\u2501\u2501\u2501\u2501\u2501\u2501\u2501\u203b\u2501\u2501\u2501\u2501\u2501\u2501\u2501\u2501\u2501<\/p>\n<p class=\"isSelectedEnd\">At B. Sol\u00eds, we continue to strengthen our commitment to initiatives connected to Marbella and to projects that contribute to the development of sport in our city.<\/p>\n<p class=\"isSelectedEnd\">This season, we are joining <a href=\"https:\/\/www.marbellabasket.com\/\">Marbella Basket<\/a> as co-sponsors of the club\u2019s official playing kits for the 2026\/27 and 2027\/28 seasons, supporting the club as it enters a new sporting chapter.<\/p>\n<p class=\"isSelectedEnd\">For B. Sol\u00eds, this collaboration represents a new opportunity to support an organisation closely linked to Marbella and, in particular, its work with young players. Grassroots sport reflects values such as effort, consistency, teamwork and commitment \u2014 principles that are also part of the way we approach every project.<\/p>\n<p class=\"isSelectedEnd\">Over the next two seasons, our brand will be present on the kits worn by Marbella Basket\u2019s different teams as they compete and represent the city across Andalusia.<\/p>\n<p class=\"isSelectedEnd\">The club begins the new season with new projects, objectives and developments that will be announced over the coming months, including the presentation of its new official kits.<\/p>\n<p class=\"isSelectedEnd\">At B. Sol\u00eds, we would like to thank Marbella Basket for the opportunity to be part of this project and to continue strengthening our relationship with Marbella\u2019s sporting and social community.<\/p>\n<p>We remain committed to building lasting connections with initiatives that are part of our community and supporting projects that look to the future by investing in their foundations.<\/p>\n<p>&nbsp;<\/p>\n<p><strong>Discover and follow all the sponsorships and corporate social responsibility (CSR) projects supported by\u00a0<a href=\"https:\/\/bsolis.com\/en\/\">Bonifacio Sol\u00eds<\/a>\u00a0construction company through our blog and social media channels.<\/strong><\/p>\n<hr \/>\n<p><img fetchpriority=\"high\" decoding=\"async\" class=\"aligncenter wp-image-22200 size-full\" src=\"https:\/\/bsolis.com\/wp-content\/uploads\/2026\/09\/PATROCINIO-BASKET-MARBELLA.webp\" alt=\"B. Sol\u00eds se incorpora como copatrocinador de Marbella Basket\" width=\"1088\" height=\"1344\" srcset=\"https:\/\/bsolis.com\/wp-content\/uploads\/2026\/09\/PATROCINIO-BASKET-MARBELLA.webp 1088w, https:\/\/bsolis.com\/wp-content\/uploads\/2026\/09\/PATROCINIO-BASKET-MARBELLA-250x309.webp 250w, https:\/\/bsolis.com\/wp-content\/uploads\/2026\/09\/PATROCINIO-BASKET-MARBELLA-768x949.webp 768w, https:\/\/bsolis.com\/wp-content\/uploads\/2026\/09\/PATROCINIO-BASKET-MARBELLA-960x1186.webp 960w, https:\/\/bsolis.com\/wp-content\/uploads\/2026\/09\/PATROCINIO-BASKET-MARBELLA-120x148.webp 120w\" sizes=\"(max-width: 1088px) 100vw, 1088px\" \/><\/p>\n","protected":false},"excerpt":{"rendered":"\u2501\u2501\u2501\u2501\u2501\u2501\u2501\u2501\u2501\u203b\u2501\u2501\u2501\u2501\u2501\u2501\u2501\u2501\u2501 At B. Sol\u00eds, we continue to strengthen our commitment to initiatives connected to Marbella and to projects that contribute to the development of sport in our city. This season, we are joining Marbella Basket as co-sponsors of the club\u2019s official playing kits for the 2026\/27 and 2027\/28 seasons, supporting the club as it enters&hellip;","protected":false},"author":7,"featured_media":22202,"comment_status":"open","ping_status":"open","sticky":false,"template":"","format":"standard","meta":{"_acf_changed":false,"footnotes":""},"categories":[1],"tags":[],"class_list":["post-22204","post","type-post","status-publish","format-standard","has-post-thumbnail","hentry","category-uncategorized"],"acf":[],"yoast_head":"<!-- This site is optimized with the Yoast SEO plugin v28.3 - https:\/\/yoast.com\/product\/yoast-seo-wordpress\/ -->\n<title>B. Sol\u00eds Joins Marbella Basket as Co-Sponsor - Constructores en Marbella B.SOL\u00cdS<\/title>\n<meta name=\"description\" content=\"B. Sol\u00eds Joins Marbella Basket as Co-Sponsor\" \/>\n<meta name=\"robots\" content=\"index, follow, max-snippet:-1, max-image-preview:large, max-video-preview:-1\" \/>\n<link rel=\"canonical\" href=\"https:\/\/bsolis.com\/en\/2026\/09\/01\/b-solis-joins-marbella-basket-as-co-sponsor\/\" \/>\n<meta property=\"og:locale\" content=\"en_US\" \/>\n<meta property=\"og:type\" content=\"article\" \/>\n<meta property=\"og:title\" content=\"B. Sol\u00eds Joins Marbella Basket as Co-Sponsor - Constructores en Marbella B.SOL\u00cdS\" \/>\n<meta property=\"og:description\" content=\"B. Sol\u00eds Joins Marbella Basket as Co-Sponsor\" \/>\n<meta property=\"og:url\" content=\"https:\/\/bsolis.com\/en\/2026\/09\/01\/b-solis-joins-marbella-basket-as-co-sponsor\/\" \/>\n<meta property=\"og:site_name\" content=\"Constructores en Marbella B.SOL\u00cdS\" \/>\n<meta property=\"article:published_time\" content=\"2026-09-01T13:42:34+00:00\" \/>\n<meta property=\"og:image\" content=\"https:\/\/bsolis.com\/wp-content\/uploads\/2026\/09\/IMAGEN-PORTADA-BLOG-B.SOLIS-1200-x-750px.png\" \/>\n\t<meta property=\"og:image:width\" content=\"1200\" \/>\n\t<meta property=\"og:image:height\" content=\"750\" \/>\n\t<meta property=\"og:image:type\" content=\"image\/png\" \/>\n<meta name=\"author\" content=\"Celia\" \/>\n<meta name=\"twitter:card\" content=\"summary_large_image\" \/>\n<meta name=\"twitter:label1\" content=\"Written by\" \/>\n\t<meta name=\"twitter:data1\" content=\"Celia\" \/>\n\t<meta name=\"twitter:label2\" content=\"Est. reading time\" \/>\n\t<meta name=\"twitter:data2\" content=\"2 minutes\" \/>\n<script type=\"application\/ld+json\" class=\"yoast-schema-graph\">{\"@context\":\"https:\\\/\\\/schema.org\",\"@graph\":[{\"@type\":\"Article\",\"@id\":\"https:\\\/\\\/bsolis.com\\\/en\\\/2026\\\/09\\\/01\\\/b-solis-joins-marbella-basket-as-co-sponsor\\\/#article\",\"isPartOf\":{\"@id\":\"https:\\\/\\\/bsolis.com\\\/en\\\/2026\\\/09\\\/01\\\/b-solis-joins-marbella-basket-as-co-sponsor\\\/\"},\"author\":{\"name\":\"Celia\",\"@id\":\"https:\\\/\\\/bsolis.com\\\/#\\\/schema\\\/person\\\/8d1b35ad6652142412ecf950fa247ba3\"},\"headline\":\"B. Sol\u00eds Joins Marbella Basket as Co-Sponsor\",\"datePublished\":\"2026-09-01T13:42:34+00:00\",\"mainEntityOfPage\":{\"@id\":\"https:\\\/\\\/bsolis.com\\\/en\\\/2026\\\/09\\\/01\\\/b-solis-joins-marbella-basket-as-co-sponsor\\\/\"},\"wordCount\":260,\"commentCount\":0,\"image\":{\"@id\":\"https:\\\/\\\/bsolis.com\\\/en\\\/2026\\\/09\\\/01\\\/b-solis-joins-marbella-basket-as-co-sponsor\\\/#primaryimage\"},\"thumbnailUrl\":\"https:\\\/\\\/bsolis.com\\\/wp-content\\\/uploads\\\/2026\\\/09\\\/IMAGEN-PORTADA-BLOG-B.SOLIS-1200-x-750px.png\",\"inLanguage\":\"en-US\",\"potentialAction\":[{\"@type\":\"CommentAction\",\"name\":\"Comment\",\"target\":[\"https:\\\/\\\/bsolis.com\\\/en\\\/2026\\\/09\\\/01\\\/b-solis-joins-marbella-basket-as-co-sponsor\\\/#respond\"]}]},{\"@type\":\"WebPage\",\"@id\":\"https:\\\/\\\/bsolis.com\\\/en\\\/2026\\\/09\\\/01\\\/b-solis-joins-marbella-basket-as-co-sponsor\\\/\",\"url\":\"https:\\\/\\\/bsolis.com\\\/en\\\/2026\\\/09\\\/01\\\/b-solis-joins-marbella-basket-as-co-sponsor\\\/\",\"name\":\"B. Sol\u00eds Joins Marbella Basket as Co-Sponsor - Constructores en Marbella B.SOL\u00cdS\",\"isPartOf\":{\"@id\":\"https:\\\/\\\/bsolis.com\\\/#website\"},\"primaryImageOfPage\":{\"@id\":\"https:\\\/\\\/bsolis.com\\\/en\\\/2026\\\/09\\\/01\\\/b-solis-joins-marbella-basket-as-co-sponsor\\\/#primaryimage\"},\"image\":{\"@id\":\"https:\\\/\\\/bsolis.com\\\/en\\\/2026\\\/09\\\/01\\\/b-solis-joins-marbella-basket-as-co-sponsor\\\/#primaryimage\"},\"thumbnailUrl\":\"https:\\\/\\\/bsolis.com\\\/wp-content\\\/uploads\\\/2026\\\/09\\\/IMAGEN-PORTADA-BLOG-B.SOLIS-1200-x-750px.png\",\"datePublished\":\"2026-09-01T13:42:34+00:00\",\"author\":{\"@id\":\"https:\\\/\\\/bsolis.com\\\/#\\\/schema\\\/person\\\/8d1b35ad6652142412ecf950fa247ba3\"},\"description\":\"B. Sol\u00eds Joins Marbella Basket as Co-Sponsor\",\"breadcrumb\":{\"@id\":\"https:\\\/\\\/bsolis.com\\\/en\\\/2026\\\/09\\\/01\\\/b-solis-joins-marbella-basket-as-co-sponsor\\\/#breadcrumb\"},\"inLanguage\":\"en-US\",\"potentialAction\":[{\"@type\":\"ReadAction\",\"target\":[\"https:\\\/\\\/bsolis.com\\\/en\\\/2026\\\/09\\\/01\\\/b-solis-joins-marbella-basket-as-co-sponsor\\\/\"]}]},{\"@type\":\"ImageObject\",\"inLanguage\":\"en-US\",\"@id\":\"https:\\\/\\\/bsolis.com\\\/en\\\/2026\\\/09\\\/01\\\/b-solis-joins-marbella-basket-as-co-sponsor\\\/#primaryimage\",\"url\":\"https:\\\/\\\/bsolis.com\\\/wp-content\\\/uploads\\\/2026\\\/09\\\/IMAGEN-PORTADA-BLOG-B.SOLIS-1200-x-750px.png\",\"contentUrl\":\"https:\\\/\\\/bsolis.com\\\/wp-content\\\/uploads\\\/2026\\\/09\\\/IMAGEN-PORTADA-BLOG-B.SOLIS-1200-x-750px.png\",\"width\":1200,\"height\":750,\"caption\":\"B. Sol\u00eds se incorpora como copatrocinador de Marbella Basket\"},{\"@type\":\"BreadcrumbList\",\"@id\":\"https:\\\/\\\/bsolis.com\\\/en\\\/2026\\\/09\\\/01\\\/b-solis-joins-marbella-basket-as-co-sponsor\\\/#breadcrumb\",\"itemListElement\":[{\"@type\":\"ListItem\",\"position\":1,\"name\":\"Portada\",\"item\":\"https:\\\/\\\/bsolis.com\\\/en\\\/\"},{\"@type\":\"ListItem\",\"position\":2,\"name\":\"B. Sol\u00eds Joins Marbella Basket as Co-Sponsor\"}]},{\"@type\":\"WebSite\",\"@id\":\"https:\\\/\\\/bsolis.com\\\/#website\",\"url\":\"https:\\\/\\\/bsolis.com\\\/\",\"name\":\"Constructores en Marbella B.SOL\u00cdS\",\"description\":\"Empresa de construcci\u00f3n en Marbella\",\"potentialAction\":[{\"@type\":\"SearchAction\",\"target\":{\"@type\":\"EntryPoint\",\"urlTemplate\":\"https:\\\/\\\/bsolis.com\\\/?s={search_term_string}\"},\"query-input\":{\"@type\":\"PropertyValueSpecification\",\"valueRequired\":true,\"valueName\":\"search_term_string\"}}],\"inLanguage\":\"en-US\"},{\"@type\":\"Person\",\"@id\":\"https:\\\/\\\/bsolis.com\\\/#\\\/schema\\\/person\\\/8d1b35ad6652142412ecf950fa247ba3\",\"name\":\"Celia\",\"image\":{\"@type\":\"ImageObject\",\"inLanguage\":\"en-US\",\"@id\":\"https:\\\/\\\/secure.gravatar.com\\\/avatar\\\/86002647fb989805ca8b86aa97ed3d41bd05d0e8c2cb69197af57e5528a93a30?s=96&d=mm&r=g\",\"url\":\"https:\\\/\\\/secure.gravatar.com\\\/avatar\\\/86002647fb989805ca8b86aa97ed3d41bd05d0e8c2cb69197af57e5528a93a30?s=96&d=mm&r=g\",\"contentUrl\":\"https:\\\/\\\/secure.gravatar.com\\\/avatar\\\/86002647fb989805ca8b86aa97ed3d41bd05d0e8c2cb69197af57e5528a93a30?s=96&d=mm&r=g\",\"caption\":\"Celia\"},\"url\":\"https:\\\/\\\/bsolis.com\\\/en\\\/author\\\/puraenvidiaeditor\\\/\"}]}<\/script>\n<!-- \/ Yoast SEO plugin. -->","yoast_head_json":{"title":"B. Sol\u00eds Joins Marbella Basket as Co-Sponsor - Constructores en Marbella B.SOL\u00cdS","description":"B. Sol\u00eds Joins Marbella Basket as Co-Sponsor","robots":{"index":"index","follow":"follow","max-snippet":"max-snippet:-1","max-image-preview":"max-image-preview:large","max-video-preview":"max-video-preview:-1"},"canonical":"https:\/\/bsolis.com\/en\/2026\/09\/01\/b-solis-joins-marbella-basket-as-co-sponsor\/","og_locale":"en_US","og_type":"article","og_title":"B. Sol\u00eds Joins Marbella Basket as Co-Sponsor - Constructores en Marbella B.SOL\u00cdS","og_description":"B. Sol\u00eds Joins Marbella Basket as Co-Sponsor","og_url":"https:\/\/bsolis.com\/en\/2026\/09\/01\/b-solis-joins-marbella-basket-as-co-sponsor\/","og_site_name":"Constructores en Marbella B.SOL\u00cdS","article_published_time":"2026-09-01T13:42:34+00:00","og_image":[{"width":1200,"height":750,"url":"https:\/\/bsolis.com\/wp-content\/uploads\/2026\/09\/IMAGEN-PORTADA-BLOG-B.SOLIS-1200-x-750px.png","type":"image\/png"}],"author":"Celia","twitter_card":"summary_large_image","twitter_misc":{"Written by":"Celia","Est. reading time":"2 minutes"},"schema":{"@context":"https:\/\/schema.org","@graph":[{"@type":"Article","@id":"https:\/\/bsolis.com\/en\/2026\/09\/01\/b-solis-joins-marbella-basket-as-co-sponsor\/#article","isPartOf":{"@id":"https:\/\/bsolis.com\/en\/2026\/09\/01\/b-solis-joins-marbella-basket-as-co-sponsor\/"},"author":{"name":"Celia","@id":"https:\/\/bsolis.com\/#\/schema\/person\/8d1b35ad6652142412ecf950fa247ba3"},"headline":"B. Sol\u00eds Joins Marbella Basket as Co-Sponsor","datePublished":"2026-09-01T13:42:34+00:00","mainEntityOfPage":{"@id":"https:\/\/bsolis.com\/en\/2026\/09\/01\/b-solis-joins-marbella-basket-as-co-sponsor\/"},"wordCount":260,"commentCount":0,"image":{"@id":"https:\/\/bsolis.com\/en\/2026\/09\/01\/b-solis-joins-marbella-basket-as-co-sponsor\/#primaryimage"},"thumbnailUrl":"https:\/\/bsolis.com\/wp-content\/uploads\/2026\/09\/IMAGEN-PORTADA-BLOG-B.SOLIS-1200-x-750px.png","inLanguage":"en-US","potentialAction":[{"@type":"CommentAction","name":"Comment","target":["https:\/\/bsolis.com\/en\/2026\/09\/01\/b-solis-joins-marbella-basket-as-co-sponsor\/#respond"]}]},{"@type":"WebPage","@id":"https:\/\/bsolis.com\/en\/2026\/09\/01\/b-solis-joins-marbella-basket-as-co-sponsor\/","url":"https:\/\/bsolis.com\/en\/2026\/09\/01\/b-solis-joins-marbella-basket-as-co-sponsor\/","name":"B. Sol\u00eds Joins Marbella Basket as Co-Sponsor - Constructores en Marbella B.SOL\u00cdS","isPartOf":{"@id":"https:\/\/bsolis.com\/#website"},"primaryImageOfPage":{"@id":"https:\/\/bsolis.com\/en\/2026\/09\/01\/b-solis-joins-marbella-basket-as-co-sponsor\/#primaryimage"},"image":{"@id":"https:\/\/bsolis.com\/en\/2026\/09\/01\/b-solis-joins-marbella-basket-as-co-sponsor\/#primaryimage"},"thumbnailUrl":"https:\/\/bsolis.com\/wp-content\/uploads\/2026\/09\/IMAGEN-PORTADA-BLOG-B.SOLIS-1200-x-750px.png","datePublished":"2026-09-01T13:42:34+00:00","author":{"@id":"https:\/\/bsolis.com\/#\/schema\/person\/8d1b35ad6652142412ecf950fa247ba3"},"description":"B. Sol\u00eds Joins Marbella Basket as Co-Sponsor","breadcrumb":{"@id":"https:\/\/bsolis.com\/en\/2026\/09\/01\/b-solis-joins-marbella-basket-as-co-sponsor\/#breadcrumb"},"inLanguage":"en-US","potentialAction":[{"@type":"ReadAction","target":["https:\/\/bsolis.com\/en\/2026\/09\/01\/b-solis-joins-marbella-basket-as-co-sponsor\/"]}]},{"@type":"ImageObject","inLanguage":"en-US","@id":"https:\/\/bsolis.com\/en\/2026\/09\/01\/b-solis-joins-marbella-basket-as-co-sponsor\/#primaryimage","url":"https:\/\/bsolis.com\/wp-content\/uploads\/2026\/09\/IMAGEN-PORTADA-BLOG-B.SOLIS-1200-x-750px.png","contentUrl":"https:\/\/bsolis.com\/wp-content\/uploads\/2026\/09\/IMAGEN-PORTADA-BLOG-B.SOLIS-1200-x-750px.png","width":1200,"height":750,"caption":"B. Sol\u00eds se incorpora como copatrocinador de Marbella Basket"},{"@type":"BreadcrumbList","@id":"https:\/\/bsolis.com\/en\/2026\/09\/01\/b-solis-joins-marbella-basket-as-co-sponsor\/#breadcrumb","itemListElement":[{"@type":"ListItem","position":1,"name":"Portada","item":"https:\/\/bsolis.com\/en\/"},{"@type":"ListItem","position":2,"name":"B. Sol\u00eds Joins Marbella Basket as Co-Sponsor"}]},{"@type":"WebSite","@id":"https:\/\/bsolis.com\/#website","url":"https:\/\/bsolis.com\/","name":"Constructores en Marbella B.SOL\u00cdS","description":"Empresa de construcci\u00f3n en Marbella","potentialAction":[{"@type":"SearchAction","target":{"@type":"EntryPoint","urlTemplate":"https:\/\/bsolis.com\/?s={search_term_string}"},"query-input":{"@type":"PropertyValueSpecification","valueRequired":true,"valueName":"search_term_string"}}],"inLanguage":"en-US"},{"@type":"Person","@id":"https:\/\/bsolis.com\/#\/schema\/person\/8d1b35ad6652142412ecf950fa247ba3","name":"Celia","image":{"@type":"ImageObject","inLanguage":"en-US","@id":"https:\/\/secure.gravatar.com\/avatar\/86002647fb989805ca8b86aa97ed3d41bd05d0e8c2cb69197af57e5528a93a30?s=96&d=mm&r=g","url":"https:\/\/secure.gravatar.com\/avatar\/86002647fb989805ca8b86aa97ed3d41bd05d0e8c2cb69197af57e5528a93a30?s=96&d=mm&r=g","contentUrl":"https:\/\/secure.gravatar.com\/avatar\/86002647fb989805ca8b86aa97ed3d41bd05d0e8c2cb69197af57e5528a93a30?s=96&d=mm&r=g","caption":"Celia"},"url":"https:\/\/bsolis.com\/en\/author\/puraenvidiaeditor\/"}]}},"_links":{"self":[{"href":"https:\/\/bsolis.com\/en\/wp-json\/wp\/v2\/posts\/22204","targetHints":{"allow":["GET"]}}],"collection":[{"href":"https:\/\/bsolis.com\/en\/wp-json\/wp\/v2\/posts"}],"about":[{"href":"https:\/\/bsolis.com\/en\/wp-json\/wp\/v2\/types\/post"}],"author":[{"embeddable":true,"href":"https:\/\/bsolis.com\/en\/wp-json\/wp\/v2\/users\/7"}],"replies":[{"embeddable":true,"href":"https:\/\/bsolis.com\/en\/wp-json\/wp\/v2\/comments?post=22204"}],"version-history":[{"count":1,"href":"https:\/\/bsolis.com\/en\/wp-json\/wp\/v2\/posts\/22204\/revisions"}],"predecessor-version":[{"id":22205,"href":"https:\/\/bsolis.com\/en\/wp-json\/wp\/v2\/posts\/22204\/revisions\/22205"}],"wp:featuredmedia":[{"embeddable":true,"href":"https:\/\/bsolis.com\/en\/wp-json\/wp\/v2\/media\/22202"}],"wp:attachment":[{"href":"https:\/\/bsolis.com\/en\/wp-json\/wp\/v2\/media?parent=22204"}],"wp:term":[{"taxonomy":"category","embeddable":true,"href":"https:\/\/bsolis.com\/en\/wp-json\/wp\/v2\/categories?post=22204"},{"taxonomy":"post_tag","embeddable":true,"href":"https:\/\/bsolis.com\/en\/wp-json\/wp\/v2\/tags?post=22204"}],"curies":[{"name":"wp","href":"https:\/\/api.w.org\/{rel}","templated":true}]}}